{"id":386,"date":"2020-07-09T07:10:10","date_gmt":"2020-07-09T07:10:10","guid":{"rendered":"https:\/\/startersites.io\/blocksy\/charity\/?p=386"},"modified":"2025-07-25T17:26:31","modified_gmt":"2025-07-25T17:26:31","slug":"primer-ao-catarina-climatica","status":"publish","type":"post","link":"https:\/\/cej.org.mx\/webnueva\/primer-ao-catarina-climatica\/","title":{"rendered":"Primer a\u00f1o de la Red Catarina Clim\u00e1tica"},"content":{"rendered":"\n<div class=\"wp-block-group is-layout-constrained wp-block-group-is-layout-constrained\">\n<p class=\"has-palette-color-8-background-color has-background\" style=\"margin-top:0;margin-right:0;margin-bottom:0;margin-left:0\">En nuestros tiempos, la conversaci\u00f3n clim\u00e1tica debe priorizarse como punto de partida para actuar desde todos los sectores. As\u00ed lo vivimos los catarinos en nuestro primer a\u00f1o de acompa\u00f1arnos, escucharnos y arroparnos.<\/p>\n\n\n\n<p class=\"has-palette-color-8-background-color has-background\" style=\"margin-top:0;margin-bottom:0\">Durante este a\u00f1o, abrimos el di\u00e1logo sobre la crisis clim\u00e1tica y ambiental desde diferentes perspectivas, tanto acad\u00e9micas como de vida, para intentar tener una visi\u00f3n m\u00e1s compleja de la crisis que acecha el presente y el futuro. Sin embargo, el di\u00e1logo cient\u00edfico se nos qued\u00f3 corto en un tema tan complejo, ya que la incertidumbre, el miedo y la tristeza que envuelve la devastaci\u00f3n ecol\u00f3gica suelen necesitar de una comunidad para apaciguar estos sentimientos.<\/p>\n\n\n\n<p class=\"has-palette-color-8-background-color has-background\">En este a\u00f1o, adem\u00e1s de darnos a la tarea de investigar y crear espacios para que m\u00e1s personas pusieran su atenci\u00f3n en la crisis ambiental, tambi\u00e9n fue prioritario crear un espacio donde sentirnos acompa\u00f1ados para poder seguir luchando por el medio ambiente. As\u00ed cerramos este a\u00f1o, m\u00e1s que como un colectivo de j\u00f3venes voluntarios, como una familia con un objetivo compartido, el de esforzarnos cada d\u00eda, por un futuro sano y arm\u00f3nico para todas las formas de vida.<\/p>\n<\/div>\n\n\n\n<p class=\"\"><\/p>\n","protected":false},"excerpt":{"rendered":"<p>En nuestros tiempos, la conversaci\u00f3n clim\u00e1tica debe priorizarse como punto de partida para actuar desde todos los sectores. As\u00ed lo vivimos los catarinos en nuestro primer a\u00f1o de acompa\u00f1arnos, escucharnos y arroparnos.<\/p>\n","protected":false},"author":1,"featured_media":1782,"comment_status":"open","ping_status":"open","sticky":false,"template":"","format":"standard","meta":{"nf_dc_page":"","footnotes":""},"categories":[22],"tags":[],"class_list":["post-386","post","type-post","status-publish","format-standard","has-post-thumbnail","hentry","category-red-catarina-climatica"],"blocksy_meta":{"styles_descriptor":{"styles":{"desktop":"","tablet":"","mobile":""},"google_fonts":[],"version":6}},"_links":{"self":[{"href":"https:\/\/cej.org.mx\/webnueva\/wp-json\/wp\/v2\/posts\/386","targetHints":{"allow":["GET"]}}],"collection":[{"href":"https:\/\/cej.org.mx\/webnueva\/wp-json\/wp\/v2\/posts"}],"about":[{"href":"https:\/\/cej.org.mx\/webnueva\/wp-json\/wp\/v2\/types\/post"}],"author":[{"embeddable":true,"href":"https:\/\/cej.org.mx\/webnueva\/wp-json\/wp\/v2\/users\/1"}],"replies":[{"embeddable":true,"href":"https:\/\/cej.org.mx\/webnueva\/wp-json\/wp\/v2\/comments?post=386"}],"version-history":[{"count":3,"href":"https:\/\/cej.org.mx\/webnueva\/wp-json\/wp\/v2\/posts\/386\/revisions"}],"predecessor-version":[{"id":2044,"href":"https:\/\/cej.org.mx\/webnueva\/wp-json\/wp\/v2\/posts\/386\/revisions\/2044"}],"wp:featuredmedia":[{"embeddable":true,"href":"https:\/\/cej.org.mx\/webnueva\/wp-json\/wp\/v2\/media\/1782"}],"wp:attachment":[{"href":"https:\/\/cej.org.mx\/webnueva\/wp-json\/wp\/v2\/media?parent=386"}],"wp:term":[{"taxonomy":"category","embeddable":true,"href":"https:\/\/cej.org.mx\/webnueva\/wp-json\/wp\/v2\/categories?post=386"},{"taxonomy":"post_tag","embeddable":true,"href":"https:\/\/cej.org.mx\/webnueva\/wp-json\/wp\/v2\/tags?post=386"}],"curies":[{"name":"wp","href":"https:\/\/api.w.org\/{rel}","templated":true}]}}